{"id":198,"date":"2025-12-10T10:03:01","date_gmt":"2025-12-10T10:03:01","guid":{"rendered":"https:\/\/ambassademozambiquefrance.fr\/?p=198"},"modified":"2025-12-13T06:10:06","modified_gmt":"2025-12-13T06:10:06","slug":"presidente-da-republica-visita-portugal-2","status":"publish","type":"post","link":"https:\/\/ambassademozambiquefrance.fr\/fr\/2025\/12\/10\/presidente-da-republica-visita-portugal-2\/","title":{"rendered":"PRESIDENTE DA REP\u00daBLICA VISITA PORTUGAL"},"content":{"rendered":"<p>O Presidente da Rep\u00fablica, Daniel Chapo, realiza uma visita de trabalho \u00e0 Rep\u00fablica Portuguesa, onde vai participar na Sexta Cimeira Bilateral Portugal\u2013Mo\u00e7ambique, que tem lugar, na cidade do Porto.<\/p>\n\n\n\n<p>A Cimeira tem como objectivos aprofundar a coopera\u00e7\u00e3o pol\u00edtica e econ\u00f3mica, promover investimentos e parcerias empresariais, bem como discutir \u00e1reas estrat\u00e9gicas como finan\u00e7as, administra\u00e7\u00e3o p\u00fablica, digitaliza\u00e7\u00e3o e energias renov\u00e1veis.<\/p>\n\n\n\n<p>Durante o encontro, de acordo com um comunicado da Presid\u00eancia da Rep\u00fablica, est\u00e1 igualmente prevista a assinatura de instrumentos jur\u00eddicos de coopera\u00e7\u00e3o em diversos dom\u00ednios, que incluem educa\u00e7\u00e3o, sa\u00fade, agricultura e energia.<\/p>\n\n\n\n<p>No decurso da visita, Daniel Chapo vai manter um encontro com o Primeiro-Ministro Portugu\u00eas, Lu\u00eds Montenegro, para troca de impress\u00f5es sobre a situa\u00e7\u00e3o pol\u00edtica, econ\u00f3mica e social dos seus pa\u00edses, al\u00e9m de abordar assuntos de interesse comum, no quadro das rela\u00e7\u00f5es bilaterais.<\/p>\n\n\n\n<p>O Chefe do Estado vai tamb\u00e9m participar na sess\u00e3o de abertura do F\u00f3rum Econ\u00f3mico promovido pela Ag\u00eancia para o Investimento e Com\u00e9rcio Externo de Portugal, evento paralelo \u00e0 Cimeira e orientado para o refor\u00e7o das oportunidades de neg\u00f3cio e coopera\u00e7\u00e3o empresarial entre os dois pa\u00edses. (RM)<\/p>\n\n\n\n<p>Fonte:\u00a0<a href=\"https:\/\/portaldogoverno.gov.mz\/2025\/12\/08\/presidente-da-republica-visita-portugal\/\">Portal de Governo<\/a><\/p>","protected":false},"excerpt":{"rendered":"<p>O Presidente da Rep\u00fablica, Daniel Chapo, realiza uma visita de trabalho \u00e0 Rep\u00fablica Portuguesa, onde vai participar na Sexta Cimeira Bilateral Portugal\u2013Mo\u00e7ambique, que tem lugar, na cidade do Porto. A Cimeira tem como objectivos aprofundar a coopera\u00e7\u00e3o pol\u00edtica e econ\u00f3mica, promover investimentos e parcerias empresariais, bem como discutir \u00e1reas estrat\u00e9gicas como finan\u00e7as, administra\u00e7\u00e3o p\u00fablica, digitaliza\u00e7\u00e3o [&hellip;]<\/p>\n","protected":false},"author":3,"featured_media":196,"comment_status":"closed","ping_status":"open","sticky":false,"template":"","format":"standard","meta":{"_acf_changed":false,"footnotes":""},"categories":[1],"tags":[],"class_list":["post-198","post","type-post","status-publish","format-standard","has-post-thumbnail","hentry","category-uncategorized"],"acf":[],"yoast_head":"<!-- This site is optimized with the Yoast SEO plugin v27.2 - https:\/\/yoast.com\/product\/yoast-seo-wordpress\/ -->\n<title>PRESIDENTE DA REP\u00daBLICA VISITA PORTUGAL - Embaixada de Mo\u00e7ambique na Fran\u00e7a<\/title>\n<meta name=\"robots\" content=\"index, follow, max-snippet:-1, max-image-preview:large, max-video-preview:-1\" \/>\n<link rel=\"canonical\" href=\"https:\/\/ambassademozambiquefrance.fr\/fr\/2025\/12\/10\/presidente-da-republica-visita-portugal-2\/\" \/>\n<meta property=\"og:locale\" content=\"fr_FR\" \/>\n<meta property=\"og:type\" content=\"article\" \/>\n<meta property=\"og:title\" content=\"PRESIDENTE DA REP\u00daBLICA VISITA PORTUGAL - Embaixada de Mo\u00e7ambique na Fran\u00e7a\" \/>\n<meta property=\"og:description\" content=\"O Presidente da Rep\u00fablica, Daniel Chapo, realiza uma visita de trabalho \u00e0 Rep\u00fablica Portuguesa, onde vai participar na Sexta Cimeira Bilateral Portugal\u2013Mo\u00e7ambique, que tem lugar, na cidade do Porto. A Cimeira tem como objectivos aprofundar a coopera\u00e7\u00e3o pol\u00edtica e econ\u00f3mica, promover investimentos e parcerias empresariais, bem como discutir \u00e1reas estrat\u00e9gicas como finan\u00e7as, administra\u00e7\u00e3o p\u00fablica, digitaliza\u00e7\u00e3o [&hellip;]\" \/>\n<meta property=\"og:url\" content=\"https:\/\/ambassademozambiquefrance.fr\/fr\/2025\/12\/10\/presidente-da-republica-visita-portugal-2\/\" \/>\n<meta property=\"og:site_name\" content=\"Embaixada de Mo\u00e7ambique na Fran\u00e7a\" \/>\n<meta property=\"article:published_time\" content=\"2025-12-10T10:03:01+00:00\" \/>\n<meta property=\"article:modified_time\" content=\"2025-12-13T06:10:06+00:00\" \/>\n<meta property=\"og:image\" content=\"https:\/\/ambassademozambiquefrance.fr\/wp-content\/uploads\/2025\/12\/Prersidente-Daniel-Chapo-e-Marcelo-Ribeiro-de-Sousa.jpg\" \/>\n\t<meta property=\"og:image:width\" content=\"730\" \/>\n\t<meta property=\"og:image:height\" content=\"458\" \/>\n\t<meta property=\"og:image:type\" content=\"image\/jpeg\" \/>\n<meta name=\"author\" content=\"Embamocparis\" \/>\n<meta name=\"twitter:card\" content=\"summary_large_image\" \/>\n<meta name=\"twitter:label1\" content=\"\u00c9crit par\" \/>\n\t<meta name=\"twitter:data1\" content=\"Embamocparis\" \/>\n\t<meta name=\"twitter:label2\" content=\"Dur\u00e9e de lecture estim\u00e9e\" \/>\n\t<meta name=\"twitter:data2\" content=\"2 minutes\" \/>\n<script type=\"application\/ld+json\" class=\"yoast-schema-graph\">{\"@context\":\"https:\/\/schema.org\",\"@graph\":[{\"@type\":\"Article\",\"@id\":\"https:\/\/ambassademozambiquefrance.fr\/2025\/12\/10\/presidente-da-republica-visita-portugal-2\/#article\",\"isPartOf\":{\"@id\":\"https:\/\/ambassademozambiquefrance.fr\/2025\/12\/10\/presidente-da-republica-visita-portugal-2\/\"},\"author\":{\"name\":\"Embamocparis\",\"@id\":\"https:\/\/ambassademozambiquefrance.fr\/#\/schema\/person\/cf552bf31b9161de09966bbedb13b876\"},\"headline\":\"PRESIDENTE DA REP\u00daBLICA VISITA PORTUGAL\",\"datePublished\":\"2025-12-10T10:03:01+00:00\",\"dateModified\":\"2025-12-13T06:10:06+00:00\",\"mainEntityOfPage\":{\"@id\":\"https:\/\/ambassademozambiquefrance.fr\/2025\/12\/10\/presidente-da-republica-visita-portugal-2\/\"},\"wordCount\":225,\"publisher\":{\"@id\":\"https:\/\/ambassademozambiquefrance.fr\/#organization\"},\"image\":{\"@id\":\"https:\/\/ambassademozambiquefrance.fr\/2025\/12\/10\/presidente-da-republica-visita-portugal-2\/#primaryimage\"},\"thumbnailUrl\":\"https:\/\/ambassademozambiquefrance.fr\/wp-content\/uploads\/2025\/12\/Prersidente-Daniel-Chapo-e-Marcelo-Ribeiro-de-Sousa.jpg\",\"articleSection\":[\"Uncategorized\"],\"inLanguage\":\"fr-FR\"},{\"@type\":\"WebPage\",\"@id\":\"https:\/\/ambassademozambiquefrance.fr\/2025\/12\/10\/presidente-da-republica-visita-portugal-2\/\",\"url\":\"https:\/\/ambassademozambiquefrance.fr\/2025\/12\/10\/presidente-da-republica-visita-portugal-2\/\",\"name\":\"PRESIDENTE DA REP\u00daBLICA VISITA PORTUGAL - Embaixada de Mo\u00e7ambique na Fran\u00e7a\",\"isPartOf\":{\"@id\":\"https:\/\/ambassademozambiquefrance.fr\/#website\"},\"primaryImageOfPage\":{\"@id\":\"https:\/\/ambassademozambiquefrance.fr\/2025\/12\/10\/presidente-da-republica-visita-portugal-2\/#primaryimage\"},\"image\":{\"@id\":\"https:\/\/ambassademozambiquefrance.fr\/2025\/12\/10\/presidente-da-republica-visita-portugal-2\/#primaryimage\"},\"thumbnailUrl\":\"https:\/\/ambassademozambiquefrance.fr\/wp-content\/uploads\/2025\/12\/Prersidente-Daniel-Chapo-e-Marcelo-Ribeiro-de-Sousa.jpg\",\"datePublished\":\"2025-12-10T10:03:01+00:00\",\"dateModified\":\"2025-12-13T06:10:06+00:00\",\"breadcrumb\":{\"@id\":\"https:\/\/ambassademozambiquefrance.fr\/2025\/12\/10\/presidente-da-republica-visita-portugal-2\/#breadcrumb\"},\"inLanguage\":\"fr-FR\",\"potentialAction\":[{\"@type\":\"ReadAction\",\"target\":[\"https:\/\/ambassademozambiquefrance.fr\/2025\/12\/10\/presidente-da-republica-visita-portugal-2\/\"]}]},{\"@type\":\"ImageObject\",\"inLanguage\":\"fr-FR\",\"@id\":\"https:\/\/ambassademozambiquefrance.fr\/2025\/12\/10\/presidente-da-republica-visita-portugal-2\/#primaryimage\",\"url\":\"https:\/\/ambassademozambiquefrance.fr\/wp-content\/uploads\/2025\/12\/Prersidente-Daniel-Chapo-e-Marcelo-Ribeiro-de-Sousa.jpg\",\"contentUrl\":\"https:\/\/ambassademozambiquefrance.fr\/wp-content\/uploads\/2025\/12\/Prersidente-Daniel-Chapo-e-Marcelo-Ribeiro-de-Sousa.jpg\",\"width\":730,\"height\":458},{\"@type\":\"BreadcrumbList\",\"@id\":\"https:\/\/ambassademozambiquefrance.fr\/2025\/12\/10\/presidente-da-republica-visita-portugal-2\/#breadcrumb\",\"itemListElement\":[{\"@type\":\"ListItem\",\"position\":1,\"name\":\"Home\",\"item\":\"https:\/\/ambassademozambiquefrance.fr\/\"},{\"@type\":\"ListItem\",\"position\":2,\"name\":\"PRESIDENTE DA REP\u00daBLICA VISITA PORTUGAL\"}]},{\"@type\":\"WebSite\",\"@id\":\"https:\/\/ambassademozambiquefrance.fr\/#website\",\"url\":\"https:\/\/ambassademozambiquefrance.fr\/\",\"name\":\"Embaixada de Mo\u00e7ambique na Fran\u00e7a\",\"description\":\"Embaixada de Mo\u00e7ambique na Fran\u00e7a\",\"publisher\":{\"@id\":\"https:\/\/ambassademozambiquefrance.fr\/#organization\"},\"potentialAction\":[{\"@type\":\"SearchAction\",\"target\":{\"@type\":\"EntryPoint\",\"urlTemplate\":\"https:\/\/ambassademozambiquefrance.fr\/?s={search_term_string}\"},\"query-input\":{\"@type\":\"PropertyValueSpecification\",\"valueRequired\":true,\"valueName\":\"search_term_string\"}}],\"inLanguage\":\"fr-FR\"},{\"@type\":\"Organization\",\"@id\":\"https:\/\/ambassademozambiquefrance.fr\/#organization\",\"name\":\"Embaixada de Mo\u00e7ambique na Fran\u00e7a\",\"url\":\"https:\/\/ambassademozambiquefrance.fr\/\",\"logo\":{\"@type\":\"ImageObject\",\"inLanguage\":\"fr-FR\",\"@id\":\"https:\/\/ambassademozambiquefrance.fr\/#\/schema\/logo\/image\/\",\"url\":\"https:\/\/ambassademozambiquefrance.fr\/wp-content\/uploads\/2025\/06\/embassy_logo-1.png\",\"contentUrl\":\"https:\/\/ambassademozambiquefrance.fr\/wp-content\/uploads\/2025\/06\/embassy_logo-1.png\",\"width\":188,\"height\":203,\"caption\":\"Embaixada de Mo\u00e7ambique na Fran\u00e7a\"},\"image\":{\"@id\":\"https:\/\/ambassademozambiquefrance.fr\/#\/schema\/logo\/image\/\"}},{\"@type\":\"Person\",\"@id\":\"https:\/\/ambassademozambiquefrance.fr\/#\/schema\/person\/cf552bf31b9161de09966bbedb13b876\",\"name\":\"Embamocparis\",\"image\":{\"@type\":\"ImageObject\",\"inLanguage\":\"fr-FR\",\"@id\":\"https:\/\/secure.gravatar.com\/avatar\/f27340651ce5ebe45d356157d5d08b418a78985f3ed1973a63a7d7aeb80f384f?s=96&d=mm&r=g\",\"url\":\"https:\/\/secure.gravatar.com\/avatar\/f27340651ce5ebe45d356157d5d08b418a78985f3ed1973a63a7d7aeb80f384f?s=96&d=mm&r=g\",\"contentUrl\":\"https:\/\/secure.gravatar.com\/avatar\/f27340651ce5ebe45d356157d5d08b418a78985f3ed1973a63a7d7aeb80f384f?s=96&d=mm&r=g\",\"caption\":\"Embamocparis\"},\"url\":\"https:\/\/ambassademozambiquefrance.fr\/fr\/author\/embamocparis\/\"}]}<\/script>\n<!-- \/ Yoast SEO plugin. -->","yoast_head_json":{"title":"PRESIDENTE DA REP\u00daBLICA VISITA PORTUGAL - Embaixada de Mo\u00e7ambique na Fran\u00e7a","robots":{"index":"index","follow":"follow","max-snippet":"max-snippet:-1","max-image-preview":"max-image-preview:large","max-video-preview":"max-video-preview:-1"},"canonical":"https:\/\/ambassademozambiquefrance.fr\/fr\/2025\/12\/10\/presidente-da-republica-visita-portugal-2\/","og_locale":"fr_FR","og_type":"article","og_title":"PRESIDENTE DA REP\u00daBLICA VISITA PORTUGAL - Embaixada de Mo\u00e7ambique na Fran\u00e7a","og_description":"O Presidente da Rep\u00fablica, Daniel Chapo, realiza uma visita de trabalho \u00e0 Rep\u00fablica Portuguesa, onde vai participar na Sexta Cimeira Bilateral Portugal\u2013Mo\u00e7ambique, que tem lugar, na cidade do Porto. A Cimeira tem como objectivos aprofundar a coopera\u00e7\u00e3o pol\u00edtica e econ\u00f3mica, promover investimentos e parcerias empresariais, bem como discutir \u00e1reas estrat\u00e9gicas como finan\u00e7as, administra\u00e7\u00e3o p\u00fablica, digitaliza\u00e7\u00e3o [&hellip;]","og_url":"https:\/\/ambassademozambiquefrance.fr\/fr\/2025\/12\/10\/presidente-da-republica-visita-portugal-2\/","og_site_name":"Embaixada de Mo\u00e7ambique na Fran\u00e7a","article_published_time":"2025-12-10T10:03:01+00:00","article_modified_time":"2025-12-13T06:10:06+00:00","og_image":[{"width":730,"height":458,"url":"https:\/\/ambassademozambiquefrance.fr\/wp-content\/uploads\/2025\/12\/Prersidente-Daniel-Chapo-e-Marcelo-Ribeiro-de-Sousa.jpg","type":"image\/jpeg"}],"author":"Embamocparis","twitter_card":"summary_large_image","twitter_misc":{"\u00c9crit par":"Embamocparis","Dur\u00e9e de lecture estim\u00e9e":"2 minutes"},"schema":{"@context":"https:\/\/schema.org","@graph":[{"@type":"Article","@id":"https:\/\/ambassademozambiquefrance.fr\/2025\/12\/10\/presidente-da-republica-visita-portugal-2\/#article","isPartOf":{"@id":"https:\/\/ambassademozambiquefrance.fr\/2025\/12\/10\/presidente-da-republica-visita-portugal-2\/"},"author":{"name":"Embamocparis","@id":"https:\/\/ambassademozambiquefrance.fr\/#\/schema\/person\/cf552bf31b9161de09966bbedb13b876"},"headline":"PRESIDENTE DA REP\u00daBLICA VISITA PORTUGAL","datePublished":"2025-12-10T10:03:01+00:00","dateModified":"2025-12-13T06:10:06+00:00","mainEntityOfPage":{"@id":"https:\/\/ambassademozambiquefrance.fr\/2025\/12\/10\/presidente-da-republica-visita-portugal-2\/"},"wordCount":225,"publisher":{"@id":"https:\/\/ambassademozambiquefrance.fr\/#organization"},"image":{"@id":"https:\/\/ambassademozambiquefrance.fr\/2025\/12\/10\/presidente-da-republica-visita-portugal-2\/#primaryimage"},"thumbnailUrl":"https:\/\/ambassademozambiquefrance.fr\/wp-content\/uploads\/2025\/12\/Prersidente-Daniel-Chapo-e-Marcelo-Ribeiro-de-Sousa.jpg","articleSection":["Uncategorized"],"inLanguage":"fr-FR"},{"@type":"WebPage","@id":"https:\/\/ambassademozambiquefrance.fr\/2025\/12\/10\/presidente-da-republica-visita-portugal-2\/","url":"https:\/\/ambassademozambiquefrance.fr\/2025\/12\/10\/presidente-da-republica-visita-portugal-2\/","name":"PRESIDENTE DA REP\u00daBLICA VISITA PORTUGAL - Embaixada de Mo\u00e7ambique na Fran\u00e7a","isPartOf":{"@id":"https:\/\/ambassademozambiquefrance.fr\/#website"},"primaryImageOfPage":{"@id":"https:\/\/ambassademozambiquefrance.fr\/2025\/12\/10\/presidente-da-republica-visita-portugal-2\/#primaryimage"},"image":{"@id":"https:\/\/ambassademozambiquefrance.fr\/2025\/12\/10\/presidente-da-republica-visita-portugal-2\/#primaryimage"},"thumbnailUrl":"https:\/\/ambassademozambiquefrance.fr\/wp-content\/uploads\/2025\/12\/Prersidente-Daniel-Chapo-e-Marcelo-Ribeiro-de-Sousa.jpg","datePublished":"2025-12-10T10:03:01+00:00","dateModified":"2025-12-13T06:10:06+00:00","breadcrumb":{"@id":"https:\/\/ambassademozambiquefrance.fr\/2025\/12\/10\/presidente-da-republica-visita-portugal-2\/#breadcrumb"},"inLanguage":"fr-FR","potentialAction":[{"@type":"ReadAction","target":["https:\/\/ambassademozambiquefrance.fr\/2025\/12\/10\/presidente-da-republica-visita-portugal-2\/"]}]},{"@type":"ImageObject","inLanguage":"fr-FR","@id":"https:\/\/ambassademozambiquefrance.fr\/2025\/12\/10\/presidente-da-republica-visita-portugal-2\/#primaryimage","url":"https:\/\/ambassademozambiquefrance.fr\/wp-content\/uploads\/2025\/12\/Prersidente-Daniel-Chapo-e-Marcelo-Ribeiro-de-Sousa.jpg","contentUrl":"https:\/\/ambassademozambiquefrance.fr\/wp-content\/uploads\/2025\/12\/Prersidente-Daniel-Chapo-e-Marcelo-Ribeiro-de-Sousa.jpg","width":730,"height":458},{"@type":"BreadcrumbList","@id":"https:\/\/ambassademozambiquefrance.fr\/2025\/12\/10\/presidente-da-republica-visita-portugal-2\/#breadcrumb","itemListElement":[{"@type":"ListItem","position":1,"name":"Home","item":"https:\/\/ambassademozambiquefrance.fr\/"},{"@type":"ListItem","position":2,"name":"PRESIDENTE DA REP\u00daBLICA VISITA PORTUGAL"}]},{"@type":"WebSite","@id":"https:\/\/ambassademozambiquefrance.fr\/#website","url":"https:\/\/ambassademozambiquefrance.fr\/","name":"Embaixada de Mo\u00e7ambique na Fran\u00e7a","description":"Embaixada de Mo\u00e7ambique na Fran\u00e7a","publisher":{"@id":"https:\/\/ambassademozambiquefrance.fr\/#organization"},"potentialAction":[{"@type":"SearchAction","target":{"@type":"EntryPoint","urlTemplate":"https:\/\/ambassademozambiquefrance.fr\/?s={search_term_string}"},"query-input":{"@type":"PropertyValueSpecification","valueRequired":true,"valueName":"search_term_string"}}],"inLanguage":"fr-FR"},{"@type":"Organization","@id":"https:\/\/ambassademozambiquefrance.fr\/#organization","name":"Embaixada de Mo\u00e7ambique na Fran\u00e7a","url":"https:\/\/ambassademozambiquefrance.fr\/","logo":{"@type":"ImageObject","inLanguage":"fr-FR","@id":"https:\/\/ambassademozambiquefrance.fr\/#\/schema\/logo\/image\/","url":"https:\/\/ambassademozambiquefrance.fr\/wp-content\/uploads\/2025\/06\/embassy_logo-1.png","contentUrl":"https:\/\/ambassademozambiquefrance.fr\/wp-content\/uploads\/2025\/06\/embassy_logo-1.png","width":188,"height":203,"caption":"Embaixada de Mo\u00e7ambique na Fran\u00e7a"},"image":{"@id":"https:\/\/ambassademozambiquefrance.fr\/#\/schema\/logo\/image\/"}},{"@type":"Person","@id":"https:\/\/ambassademozambiquefrance.fr\/#\/schema\/person\/cf552bf31b9161de09966bbedb13b876","name":"Embamocparis","image":{"@type":"ImageObject","inLanguage":"fr-FR","@id":"https:\/\/secure.gravatar.com\/avatar\/f27340651ce5ebe45d356157d5d08b418a78985f3ed1973a63a7d7aeb80f384f?s=96&d=mm&r=g","url":"https:\/\/secure.gravatar.com\/avatar\/f27340651ce5ebe45d356157d5d08b418a78985f3ed1973a63a7d7aeb80f384f?s=96&d=mm&r=g","contentUrl":"https:\/\/secure.gravatar.com\/avatar\/f27340651ce5ebe45d356157d5d08b418a78985f3ed1973a63a7d7aeb80f384f?s=96&d=mm&r=g","caption":"Embamocparis"},"url":"https:\/\/ambassademozambiquefrance.fr\/fr\/author\/embamocparis\/"}]}},"_links":{"self":[{"href":"https:\/\/ambassademozambiquefrance.fr\/fr\/wp-json\/wp\/v2\/posts\/198","targetHints":{"allow":["GET"]}}],"collection":[{"href":"https:\/\/ambassademozambiquefrance.fr\/fr\/wp-json\/wp\/v2\/posts"}],"about":[{"href":"https:\/\/ambassademozambiquefrance.fr\/fr\/wp-json\/wp\/v2\/types\/post"}],"author":[{"embeddable":true,"href":"https:\/\/ambassademozambiquefrance.fr\/fr\/wp-json\/wp\/v2\/users\/3"}],"replies":[{"embeddable":true,"href":"https:\/\/ambassademozambiquefrance.fr\/fr\/wp-json\/wp\/v2\/comments?post=198"}],"version-history":[{"count":1,"href":"https:\/\/ambassademozambiquefrance.fr\/fr\/wp-json\/wp\/v2\/posts\/198\/revisions"}],"predecessor-version":[{"id":199,"href":"https:\/\/ambassademozambiquefrance.fr\/fr\/wp-json\/wp\/v2\/posts\/198\/revisions\/199"}],"wp:featuredmedia":[{"embeddable":true,"href":"https:\/\/ambassademozambiquefrance.fr\/fr\/wp-json\/wp\/v2\/media\/196"}],"wp:attachment":[{"href":"https:\/\/ambassademozambiquefrance.fr\/fr\/wp-json\/wp\/v2\/media?parent=198"}],"wp:term":[{"taxonomy":"category","embeddable":true,"href":"https:\/\/ambassademozambiquefrance.fr\/fr\/wp-json\/wp\/v2\/categories?post=198"},{"taxonomy":"post_tag","embeddable":true,"href":"https:\/\/ambassademozambiquefrance.fr\/fr\/wp-json\/wp\/v2\/tags?post=198"}],"curies":[{"name":"wp","href":"https:\/\/api.w.org\/{rel}","templated":true}]}}