{"id":204,"date":"2025-12-10T10:25:06","date_gmt":"2025-12-10T10:25:06","guid":{"rendered":"https:\/\/ambassademozambiquefrance.fr\/?p=204"},"modified":"2025-12-13T06:10:06","modified_gmt":"2025-12-13T06:10:06","slug":"ministra-lucas-defende-o-incremento-da-cooperacao-economica-com-a-suecia-2","status":"publish","type":"post","link":"https:\/\/ambassademozambiquefrance.fr\/fr\/2025\/12\/10\/ministra-lucas-defende-o-incremento-da-cooperacao-economica-com-a-suecia-2\/","title":{"rendered":"Ministra Lucas defende o incremento da coopera\u00e7\u00e3o econ\u00f3mica com a Su\u00e9cia"},"content":{"rendered":"<p>A Ministra dos Neg\u00f3cios Estrangeiros e Coopera\u00e7\u00e3o, Maria Manuela dos Santos Lucas, defendeu o incremento da coopera\u00e7\u00e3o econ\u00f3mica com a Su\u00e9cia, num encontro que manteve esta quinta-feira, dia 02 de Outubro corrente, em Victoria Falls, na Rep\u00fablica do Zimbabwe, com a Ministra sueca dos Neg\u00f3cios Estrangeiros, Maria Malmer Stenergard.<\/p>\n\n\n\n<p>No encontro, que decorreu \u00e0 margem da 22\u00aa reuni\u00e3o das Consultas Informais entre os Ministros dos Neg\u00f3cios Estrangeiros Africanos e N\u00f3rdicos, as ministras Lucas e Stenergard abordaram o refor\u00e7o da coopera\u00e7\u00e3o empresarial e comercial, com vista a cria\u00e7\u00e3o de mais oportunidades de emprego sobretudo para jovens mo\u00e7ambicanos, no combate ao terrorismo em Cabo Delgado e o apoio sueco ao Dialogo Pol\u00edtico Inclusivo.<\/p>\n\n\n\n<p>As governantes reafirmaram a continuidade das excelentes rela\u00e7\u00f5es de amizade existente entre os dois pa\u00edses, tendo destacado os 50 anos do estabelecimento das rela\u00e7\u00f5es diplom\u00e1ticas mo\u00e7ambicano-suecas.<\/p>\n\n\n\n<p>A Ministra Maria Manuela Lucas agradeceu pelo apoio multifacetado que a Su\u00e9cia tem prestado a Mo\u00e7ambique, desde os prim\u00f3rdios da luta de liberta\u00e7\u00e3o at\u00e9 aos dias de hoje, especialmente na \u00e1rea da assist\u00eancia humanit\u00e1ria.<\/p>\n\n\n\n<p>Este encontro decorreu no quadro da visita que a Ministra dos Neg\u00f3cios Estrangeiros efectua ao Zimbabwe, para participar na reuni\u00e3o das Consultas Informais entre os Ministros dos Neg\u00f3cios Estrangeiros de pa\u00edses Africanos e N\u00f3rdicos, que tem lugar de 2 a 3 de Outubro, na cidade de Victoria Falls. (DCI)<\/p>\n\n\n\n<p> Fonte: <a href=\"https:\/\/www.minec.gov.mz\/index.php\/imprensa\/destaques\/880-ministra-lucas-defende-o-incremento-da-cooperacao-economica-com-a-suecia\">Minist\u00e9rio dos Neg\u00f3cios Estrangeiros e Coopera\u00e7\u00e3o <\/a><\/p>","protected":false},"excerpt":{"rendered":"<p>A Ministra dos Neg\u00f3cios Estrangeiros e Coopera\u00e7\u00e3o, Maria Manuela dos Santos Lucas, defendeu o incremento da coopera\u00e7\u00e3o econ\u00f3mica com a Su\u00e9cia, num encontro que manteve esta quinta-feira, dia 02 de Outubro corrente, em Victoria Falls, na Rep\u00fablica do Zimbabwe, com a Ministra sueca dos Neg\u00f3cios Estrangeiros, Maria Malmer Stenergard. No encontro, que decorreu \u00e0 margem [&hellip;]<\/p>\n","protected":false},"author":3,"featured_media":202,"comment_status":"closed","ping_status":"open","sticky":false,"template":"","format":"standard","meta":{"_acf_changed":false,"footnotes":""},"categories":[1],"tags":[],"class_list":["post-204","post","type-post","status-publish","format-standard","has-post-thumbnail","hentry","category-uncategorized"],"acf":[],"yoast_head":"<!-- This site is optimized with the Yoast SEO plugin v27.2 - https:\/\/yoast.com\/product\/yoast-seo-wordpress\/ -->\n<title>Ministra Lucas defende o incremento da coopera\u00e7\u00e3o econ\u00f3mica com a Su\u00e9cia - Embaixada de Mo\u00e7ambique na Fran\u00e7a<\/title>\n<meta name=\"robots\" content=\"index, follow, max-snippet:-1, max-image-preview:large, max-video-preview:-1\" \/>\n<link rel=\"canonical\" href=\"https:\/\/ambassademozambiquefrance.fr\/fr\/2025\/12\/10\/ministra-lucas-defende-o-incremento-da-cooperacao-economica-com-a-suecia-2\/\" \/>\n<meta property=\"og:locale\" content=\"fr_FR\" \/>\n<meta property=\"og:type\" content=\"article\" \/>\n<meta property=\"og:title\" content=\"Ministra Lucas defende o incremento da coopera\u00e7\u00e3o econ\u00f3mica com a Su\u00e9cia - Embaixada de Mo\u00e7ambique na Fran\u00e7a\" \/>\n<meta property=\"og:description\" content=\"A Ministra dos Neg\u00f3cios Estrangeiros e Coopera\u00e7\u00e3o, Maria Manuela dos Santos Lucas, defendeu o incremento da coopera\u00e7\u00e3o econ\u00f3mica com a Su\u00e9cia, num encontro que manteve esta quinta-feira, dia 02 de Outubro corrente, em Victoria Falls, na Rep\u00fablica do Zimbabwe, com a Ministra sueca dos Neg\u00f3cios Estrangeiros, Maria Malmer Stenergard. No encontro, que decorreu \u00e0 margem [&hellip;]\" \/>\n<meta property=\"og:url\" content=\"https:\/\/ambassademozambiquefrance.fr\/fr\/2025\/12\/10\/ministra-lucas-defende-o-incremento-da-cooperacao-economica-com-a-suecia-2\/\" \/>\n<meta property=\"og:site_name\" content=\"Embaixada de Mo\u00e7ambique na Fran\u00e7a\" \/>\n<meta property=\"article:published_time\" content=\"2025-12-10T10:25:06+00:00\" \/>\n<meta property=\"article:modified_time\" content=\"2025-12-13T06:10:06+00:00\" \/>\n<meta property=\"og:image\" content=\"https:\/\/ambassademozambiquefrance.fr\/wp-content\/uploads\/2025\/12\/Ministra-do-MINEC-e-omologo-da-Suessia.jpg\" \/>\n\t<meta property=\"og:image:width\" content=\"980\" \/>\n\t<meta property=\"og:image:height\" content=\"306\" \/>\n\t<meta property=\"og:image:type\" content=\"image\/jpeg\" \/>\n<meta name=\"author\" content=\"Embamocparis\" \/>\n<meta name=\"twitter:card\" content=\"summary_large_image\" \/>\n<meta name=\"twitter:label1\" content=\"\u00c9crit par\" \/>\n\t<meta name=\"twitter:data1\" content=\"Embamocparis\" \/>\n\t<meta name=\"twitter:label2\" content=\"Dur\u00e9e de lecture estim\u00e9e\" \/>\n\t<meta name=\"twitter:data2\" content=\"2 minutes\" \/>\n<script type=\"application\/ld+json\" class=\"yoast-schema-graph\">{\"@context\":\"https:\/\/schema.org\",\"@graph\":[{\"@type\":\"Article\",\"@id\":\"https:\/\/ambassademozambiquefrance.fr\/2025\/12\/10\/ministra-lucas-defende-o-incremento-da-cooperacao-economica-com-a-suecia-2\/#article\",\"isPartOf\":{\"@id\":\"https:\/\/ambassademozambiquefrance.fr\/2025\/12\/10\/ministra-lucas-defende-o-incremento-da-cooperacao-economica-com-a-suecia-2\/\"},\"author\":{\"name\":\"Embamocparis\",\"@id\":\"https:\/\/ambassademozambiquefrance.fr\/#\/schema\/person\/cf552bf31b9161de09966bbedb13b876\"},\"headline\":\"Ministra Lucas defende o incremento da coopera\u00e7\u00e3o econ\u00f3mica com a Su\u00e9cia\",\"datePublished\":\"2025-12-10T10:25:06+00:00\",\"dateModified\":\"2025-12-13T06:10:06+00:00\",\"mainEntityOfPage\":{\"@id\":\"https:\/\/ambassademozambiquefrance.fr\/2025\/12\/10\/ministra-lucas-defende-o-incremento-da-cooperacao-economica-com-a-suecia-2\/\"},\"wordCount\":269,\"publisher\":{\"@id\":\"https:\/\/ambassademozambiquefrance.fr\/#organization\"},\"image\":{\"@id\":\"https:\/\/ambassademozambiquefrance.fr\/2025\/12\/10\/ministra-lucas-defende-o-incremento-da-cooperacao-economica-com-a-suecia-2\/#primaryimage\"},\"thumbnailUrl\":\"https:\/\/ambassademozambiquefrance.fr\/wp-content\/uploads\/2025\/12\/Ministra-do-MINEC-e-omologo-da-Suessia.jpg\",\"articleSection\":[\"Uncategorized\"],\"inLanguage\":\"fr-FR\"},{\"@type\":\"WebPage\",\"@id\":\"https:\/\/ambassademozambiquefrance.fr\/2025\/12\/10\/ministra-lucas-defende-o-incremento-da-cooperacao-economica-com-a-suecia-2\/\",\"url\":\"https:\/\/ambassademozambiquefrance.fr\/2025\/12\/10\/ministra-lucas-defende-o-incremento-da-cooperacao-economica-com-a-suecia-2\/\",\"name\":\"Ministra Lucas defende o incremento da coopera\u00e7\u00e3o econ\u00f3mica com a Su\u00e9cia - Embaixada de Mo\u00e7ambique na Fran\u00e7a\",\"isPartOf\":{\"@id\":\"https:\/\/ambassademozambiquefrance.fr\/#website\"},\"primaryImageOfPage\":{\"@id\":\"https:\/\/ambassademozambiquefrance.fr\/2025\/12\/10\/ministra-lucas-defende-o-incremento-da-cooperacao-economica-com-a-suecia-2\/#primaryimage\"},\"image\":{\"@id\":\"https:\/\/ambassademozambiquefrance.fr\/2025\/12\/10\/ministra-lucas-defende-o-incremento-da-cooperacao-economica-com-a-suecia-2\/#primaryimage\"},\"thumbnailUrl\":\"https:\/\/ambassademozambiquefrance.fr\/wp-content\/uploads\/2025\/12\/Ministra-do-MINEC-e-omologo-da-Suessia.jpg\",\"datePublished\":\"2025-12-10T10:25:06+00:00\",\"dateModified\":\"2025-12-13T06:10:06+00:00\",\"breadcrumb\":{\"@id\":\"https:\/\/ambassademozambiquefrance.fr\/2025\/12\/10\/ministra-lucas-defende-o-incremento-da-cooperacao-economica-com-a-suecia-2\/#breadcrumb\"},\"inLanguage\":\"fr-FR\",\"potentialAction\":[{\"@type\":\"ReadAction\",\"target\":[\"https:\/\/ambassademozambiquefrance.fr\/2025\/12\/10\/ministra-lucas-defende-o-incremento-da-cooperacao-economica-com-a-suecia-2\/\"]}]},{\"@type\":\"ImageObject\",\"inLanguage\":\"fr-FR\",\"@id\":\"https:\/\/ambassademozambiquefrance.fr\/2025\/12\/10\/ministra-lucas-defende-o-incremento-da-cooperacao-economica-com-a-suecia-2\/#primaryimage\",\"url\":\"https:\/\/ambassademozambiquefrance.fr\/wp-content\/uploads\/2025\/12\/Ministra-do-MINEC-e-omologo-da-Suessia.jpg\",\"contentUrl\":\"https:\/\/ambassademozambiquefrance.fr\/wp-content\/uploads\/2025\/12\/Ministra-do-MINEC-e-omologo-da-Suessia.jpg\",\"width\":980,\"height\":306,\"caption\":\"A Ministra Maria Manuela Lucas e a sua hom\u00f3loga do Reino Maria Malmer Stenergard da Su\u00e9cia no centro da fotografia ladeadas pelas respectivas delega\u00e7\u00f5es\"},{\"@type\":\"BreadcrumbList\",\"@id\":\"https:\/\/ambassademozambiquefrance.fr\/2025\/12\/10\/ministra-lucas-defende-o-incremento-da-cooperacao-economica-com-a-suecia-2\/#breadcrumb\",\"itemListElement\":[{\"@type\":\"ListItem\",\"position\":1,\"name\":\"Home\",\"item\":\"https:\/\/ambassademozambiquefrance.fr\/\"},{\"@type\":\"ListItem\",\"position\":2,\"name\":\"Ministra Lucas defende o incremento da coopera\u00e7\u00e3o econ\u00f3mica com a Su\u00e9cia\"}]},{\"@type\":\"WebSite\",\"@id\":\"https:\/\/ambassademozambiquefrance.fr\/#website\",\"url\":\"https:\/\/ambassademozambiquefrance.fr\/\",\"name\":\"Embaixada de Mo\u00e7ambique na Fran\u00e7a\",\"description\":\"Embaixada de Mo\u00e7ambique na Fran\u00e7a\",\"publisher\":{\"@id\":\"https:\/\/ambassademozambiquefrance.fr\/#organization\"},\"potentialAction\":[{\"@type\":\"SearchAction\",\"target\":{\"@type\":\"EntryPoint\",\"urlTemplate\":\"https:\/\/ambassademozambiquefrance.fr\/?s={search_term_string}\"},\"query-input\":{\"@type\":\"PropertyValueSpecification\",\"valueRequired\":true,\"valueName\":\"search_term_string\"}}],\"inLanguage\":\"fr-FR\"},{\"@type\":\"Organization\",\"@id\":\"https:\/\/ambassademozambiquefrance.fr\/#organization\",\"name\":\"Embaixada de Mo\u00e7ambique na Fran\u00e7a\",\"url\":\"https:\/\/ambassademozambiquefrance.fr\/\",\"logo\":{\"@type\":\"ImageObject\",\"inLanguage\":\"fr-FR\",\"@id\":\"https:\/\/ambassademozambiquefrance.fr\/#\/schema\/logo\/image\/\",\"url\":\"https:\/\/ambassademozambiquefrance.fr\/wp-content\/uploads\/2025\/06\/embassy_logo-1.png\",\"contentUrl\":\"https:\/\/ambassademozambiquefrance.fr\/wp-content\/uploads\/2025\/06\/embassy_logo-1.png\",\"width\":188,\"height\":203,\"caption\":\"Embaixada de Mo\u00e7ambique na Fran\u00e7a\"},\"image\":{\"@id\":\"https:\/\/ambassademozambiquefrance.fr\/#\/schema\/logo\/image\/\"}},{\"@type\":\"Person\",\"@id\":\"https:\/\/ambassademozambiquefrance.fr\/#\/schema\/person\/cf552bf31b9161de09966bbedb13b876\",\"name\":\"Embamocparis\",\"image\":{\"@type\":\"ImageObject\",\"inLanguage\":\"fr-FR\",\"@id\":\"https:\/\/secure.gravatar.com\/avatar\/f27340651ce5ebe45d356157d5d08b418a78985f3ed1973a63a7d7aeb80f384f?s=96&d=mm&r=g\",\"url\":\"https:\/\/secure.gravatar.com\/avatar\/f27340651ce5ebe45d356157d5d08b418a78985f3ed1973a63a7d7aeb80f384f?s=96&d=mm&r=g\",\"contentUrl\":\"https:\/\/secure.gravatar.com\/avatar\/f27340651ce5ebe45d356157d5d08b418a78985f3ed1973a63a7d7aeb80f384f?s=96&d=mm&r=g\",\"caption\":\"Embamocparis\"},\"url\":\"https:\/\/ambassademozambiquefrance.fr\/fr\/author\/embamocparis\/\"}]}<\/script>\n<!-- \/ Yoast SEO plugin. -->","yoast_head_json":{"title":"Ministra Lucas defende o incremento da coopera\u00e7\u00e3o econ\u00f3mica com a Su\u00e9cia - Embaixada de Mo\u00e7ambique na Fran\u00e7a","robots":{"index":"index","follow":"follow","max-snippet":"max-snippet:-1","max-image-preview":"max-image-preview:large","max-video-preview":"max-video-preview:-1"},"canonical":"https:\/\/ambassademozambiquefrance.fr\/fr\/2025\/12\/10\/ministra-lucas-defende-o-incremento-da-cooperacao-economica-com-a-suecia-2\/","og_locale":"fr_FR","og_type":"article","og_title":"Ministra Lucas defende o incremento da coopera\u00e7\u00e3o econ\u00f3mica com a Su\u00e9cia - Embaixada de Mo\u00e7ambique na Fran\u00e7a","og_description":"A Ministra dos Neg\u00f3cios Estrangeiros e Coopera\u00e7\u00e3o, Maria Manuela dos Santos Lucas, defendeu o incremento da coopera\u00e7\u00e3o econ\u00f3mica com a Su\u00e9cia, num encontro que manteve esta quinta-feira, dia 02 de Outubro corrente, em Victoria Falls, na Rep\u00fablica do Zimbabwe, com a Ministra sueca dos Neg\u00f3cios Estrangeiros, Maria Malmer Stenergard. No encontro, que decorreu \u00e0 margem [&hellip;]","og_url":"https:\/\/ambassademozambiquefrance.fr\/fr\/2025\/12\/10\/ministra-lucas-defende-o-incremento-da-cooperacao-economica-com-a-suecia-2\/","og_site_name":"Embaixada de Mo\u00e7ambique na Fran\u00e7a","article_published_time":"2025-12-10T10:25:06+00:00","article_modified_time":"2025-12-13T06:10:06+00:00","og_image":[{"width":980,"height":306,"url":"https:\/\/ambassademozambiquefrance.fr\/wp-content\/uploads\/2025\/12\/Ministra-do-MINEC-e-omologo-da-Suessia.jpg","type":"image\/jpeg"}],"author":"Embamocparis","twitter_card":"summary_large_image","twitter_misc":{"\u00c9crit par":"Embamocparis","Dur\u00e9e de lecture estim\u00e9e":"2 minutes"},"schema":{"@context":"https:\/\/schema.org","@graph":[{"@type":"Article","@id":"https:\/\/ambassademozambiquefrance.fr\/2025\/12\/10\/ministra-lucas-defende-o-incremento-da-cooperacao-economica-com-a-suecia-2\/#article","isPartOf":{"@id":"https:\/\/ambassademozambiquefrance.fr\/2025\/12\/10\/ministra-lucas-defende-o-incremento-da-cooperacao-economica-com-a-suecia-2\/"},"author":{"name":"Embamocparis","@id":"https:\/\/ambassademozambiquefrance.fr\/#\/schema\/person\/cf552bf31b9161de09966bbedb13b876"},"headline":"Ministra Lucas defende o incremento da coopera\u00e7\u00e3o econ\u00f3mica com a Su\u00e9cia","datePublished":"2025-12-10T10:25:06+00:00","dateModified":"2025-12-13T06:10:06+00:00","mainEntityOfPage":{"@id":"https:\/\/ambassademozambiquefrance.fr\/2025\/12\/10\/ministra-lucas-defende-o-incremento-da-cooperacao-economica-com-a-suecia-2\/"},"wordCount":269,"publisher":{"@id":"https:\/\/ambassademozambiquefrance.fr\/#organization"},"image":{"@id":"https:\/\/ambassademozambiquefrance.fr\/2025\/12\/10\/ministra-lucas-defende-o-incremento-da-cooperacao-economica-com-a-suecia-2\/#primaryimage"},"thumbnailUrl":"https:\/\/ambassademozambiquefrance.fr\/wp-content\/uploads\/2025\/12\/Ministra-do-MINEC-e-omologo-da-Suessia.jpg","articleSection":["Uncategorized"],"inLanguage":"fr-FR"},{"@type":"WebPage","@id":"https:\/\/ambassademozambiquefrance.fr\/2025\/12\/10\/ministra-lucas-defende-o-incremento-da-cooperacao-economica-com-a-suecia-2\/","url":"https:\/\/ambassademozambiquefrance.fr\/2025\/12\/10\/ministra-lucas-defende-o-incremento-da-cooperacao-economica-com-a-suecia-2\/","name":"Ministra Lucas defende o incremento da coopera\u00e7\u00e3o econ\u00f3mica com a Su\u00e9cia - Embaixada de Mo\u00e7ambique na Fran\u00e7a","isPartOf":{"@id":"https:\/\/ambassademozambiquefrance.fr\/#website"},"primaryImageOfPage":{"@id":"https:\/\/ambassademozambiquefrance.fr\/2025\/12\/10\/ministra-lucas-defende-o-incremento-da-cooperacao-economica-com-a-suecia-2\/#primaryimage"},"image":{"@id":"https:\/\/ambassademozambiquefrance.fr\/2025\/12\/10\/ministra-lucas-defende-o-incremento-da-cooperacao-economica-com-a-suecia-2\/#primaryimage"},"thumbnailUrl":"https:\/\/ambassademozambiquefrance.fr\/wp-content\/uploads\/2025\/12\/Ministra-do-MINEC-e-omologo-da-Suessia.jpg","datePublished":"2025-12-10T10:25:06+00:00","dateModified":"2025-12-13T06:10:06+00:00","breadcrumb":{"@id":"https:\/\/ambassademozambiquefrance.fr\/2025\/12\/10\/ministra-lucas-defende-o-incremento-da-cooperacao-economica-com-a-suecia-2\/#breadcrumb"},"inLanguage":"fr-FR","potentialAction":[{"@type":"ReadAction","target":["https:\/\/ambassademozambiquefrance.fr\/2025\/12\/10\/ministra-lucas-defende-o-incremento-da-cooperacao-economica-com-a-suecia-2\/"]}]},{"@type":"ImageObject","inLanguage":"fr-FR","@id":"https:\/\/ambassademozambiquefrance.fr\/2025\/12\/10\/ministra-lucas-defende-o-incremento-da-cooperacao-economica-com-a-suecia-2\/#primaryimage","url":"https:\/\/ambassademozambiquefrance.fr\/wp-content\/uploads\/2025\/12\/Ministra-do-MINEC-e-omologo-da-Suessia.jpg","contentUrl":"https:\/\/ambassademozambiquefrance.fr\/wp-content\/uploads\/2025\/12\/Ministra-do-MINEC-e-omologo-da-Suessia.jpg","width":980,"height":306,"caption":"A Ministra Maria Manuela Lucas e a sua hom\u00f3loga do Reino Maria Malmer Stenergard da Su\u00e9cia no centro da fotografia ladeadas pelas respectivas delega\u00e7\u00f5es"},{"@type":"BreadcrumbList","@id":"https:\/\/ambassademozambiquefrance.fr\/2025\/12\/10\/ministra-lucas-defende-o-incremento-da-cooperacao-economica-com-a-suecia-2\/#breadcrumb","itemListElement":[{"@type":"ListItem","position":1,"name":"Home","item":"https:\/\/ambassademozambiquefrance.fr\/"},{"@type":"ListItem","position":2,"name":"Ministra Lucas defende o incremento da coopera\u00e7\u00e3o econ\u00f3mica com a Su\u00e9cia"}]},{"@type":"WebSite","@id":"https:\/\/ambassademozambiquefrance.fr\/#website","url":"https:\/\/ambassademozambiquefrance.fr\/","name":"Embaixada de Mo\u00e7ambique na Fran\u00e7a","description":"Embaixada de Mo\u00e7ambique na Fran\u00e7a","publisher":{"@id":"https:\/\/ambassademozambiquefrance.fr\/#organization"},"potentialAction":[{"@type":"SearchAction","target":{"@type":"EntryPoint","urlTemplate":"https:\/\/ambassademozambiquefrance.fr\/?s={search_term_string}"},"query-input":{"@type":"PropertyValueSpecification","valueRequired":true,"valueName":"search_term_string"}}],"inLanguage":"fr-FR"},{"@type":"Organization","@id":"https:\/\/ambassademozambiquefrance.fr\/#organization","name":"Embaixada de Mo\u00e7ambique na Fran\u00e7a","url":"https:\/\/ambassademozambiquefrance.fr\/","logo":{"@type":"ImageObject","inLanguage":"fr-FR","@id":"https:\/\/ambassademozambiquefrance.fr\/#\/schema\/logo\/image\/","url":"https:\/\/ambassademozambiquefrance.fr\/wp-content\/uploads\/2025\/06\/embassy_logo-1.png","contentUrl":"https:\/\/ambassademozambiquefrance.fr\/wp-content\/uploads\/2025\/06\/embassy_logo-1.png","width":188,"height":203,"caption":"Embaixada de Mo\u00e7ambique na Fran\u00e7a"},"image":{"@id":"https:\/\/ambassademozambiquefrance.fr\/#\/schema\/logo\/image\/"}},{"@type":"Person","@id":"https:\/\/ambassademozambiquefrance.fr\/#\/schema\/person\/cf552bf31b9161de09966bbedb13b876","name":"Embamocparis","image":{"@type":"ImageObject","inLanguage":"fr-FR","@id":"https:\/\/secure.gravatar.com\/avatar\/f27340651ce5ebe45d356157d5d08b418a78985f3ed1973a63a7d7aeb80f384f?s=96&d=mm&r=g","url":"https:\/\/secure.gravatar.com\/avatar\/f27340651ce5ebe45d356157d5d08b418a78985f3ed1973a63a7d7aeb80f384f?s=96&d=mm&r=g","contentUrl":"https:\/\/secure.gravatar.com\/avatar\/f27340651ce5ebe45d356157d5d08b418a78985f3ed1973a63a7d7aeb80f384f?s=96&d=mm&r=g","caption":"Embamocparis"},"url":"https:\/\/ambassademozambiquefrance.fr\/fr\/author\/embamocparis\/"}]}},"_links":{"self":[{"href":"https:\/\/ambassademozambiquefrance.fr\/fr\/wp-json\/wp\/v2\/posts\/204","targetHints":{"allow":["GET"]}}],"collection":[{"href":"https:\/\/ambassademozambiquefrance.fr\/fr\/wp-json\/wp\/v2\/posts"}],"about":[{"href":"https:\/\/ambassademozambiquefrance.fr\/fr\/wp-json\/wp\/v2\/types\/post"}],"author":[{"embeddable":true,"href":"https:\/\/ambassademozambiquefrance.fr\/fr\/wp-json\/wp\/v2\/users\/3"}],"replies":[{"embeddable":true,"href":"https:\/\/ambassademozambiquefrance.fr\/fr\/wp-json\/wp\/v2\/comments?post=204"}],"version-history":[{"count":1,"href":"https:\/\/ambassademozambiquefrance.fr\/fr\/wp-json\/wp\/v2\/posts\/204\/revisions"}],"predecessor-version":[{"id":205,"href":"https:\/\/ambassademozambiquefrance.fr\/fr\/wp-json\/wp\/v2\/posts\/204\/revisions\/205"}],"wp:featuredmedia":[{"embeddable":true,"href":"https:\/\/ambassademozambiquefrance.fr\/fr\/wp-json\/wp\/v2\/media\/202"}],"wp:attachment":[{"href":"https:\/\/ambassademozambiquefrance.fr\/fr\/wp-json\/wp\/v2\/media?parent=204"}],"wp:term":[{"taxonomy":"category","embeddable":true,"href":"https:\/\/ambassademozambiquefrance.fr\/fr\/wp-json\/wp\/v2\/categories?post=204"},{"taxonomy":"post_tag","embeddable":true,"href":"https:\/\/ambassademozambiquefrance.fr\/fr\/wp-json\/wp\/v2\/tags?post=204"}],"curies":[{"name":"wp","href":"https:\/\/api.w.org\/{rel}","templated":true}]}}